{"id":66,"date":"2017-06-25T20:24:07","date_gmt":"2017-06-25T18:24:07","guid":{"rendered":"http:\/\/www.wallonieinsoumise.eu\/?p=66"},"modified":"2019-02-21T21:53:37","modified_gmt":"2019-02-21T20:53:37","slug":"le-melenchon-belge-existe-et-il-vient-de-fonder-le-mouvement-wallonie-insoumise","status":"publish","type":"post","link":"https:\/\/www.wallonieinsoumise.eu\/index.php\/2017\/06\/25\/le-melenchon-belge-existe-et-il-vient-de-fonder-le-mouvement-wallonie-insoumise\/","title":{"rendered":"Le M\u00e9lenchon belge existe, et il vient de fonder le mouvement \u00abWallonie insoumise\u00bb"},"content":{"rendered":"\n<p><a href=\"https:\/\/francais.rt.com\/international\/40211-melenchon-belge-fonde-mouvement-wallonie-insoumise\">https:\/\/francais.rt.com\/international\/40211-melenchon-belge-fonde-mouvement-wallonie-insoumise<\/a><\/p>\n\n\n\n<p>La campagne de la France insoumise a suscit\u00e9 des vocations en Belgique. Rassemblant des citoyens derri\u00e8re un projet de souverainet\u00e9, de lutte contre l\u2019aust\u00e9rit\u00e9 et d\u2019\u00e9cologie, son disciple wallon esp\u00e8re \u00eatre pr\u00e9sent aux prochaines \u00e9lections. \n                                    <\/p>\n\n\n\n<p><\/p>\n\n\n\n<p>Une convention collective de \u00abWallonie insoumise\u00bb s\u2019est r\u00e9unie pour se constituer en mouvement politique, le 25 juin \u00e0 Namur, en Belgique, rapporte l\u2019agence de presse Belga.<\/p>\n\n\n\n<p>Inspir\u00e9 par le mouvement La France insoumise, son disciple&nbsp;belge&nbsp;Francis Biesmans, surnomm\u00e9 le \u00abM\u00e9lenchon wallon\u00bb par <em><a href=\"http:\/\/www.lameuse.be\/1868452\/article\/2017-06-21\/voici-le-melenchon-wallon-il-reclame-la-souverainete-wallonne\">La<\/a><a href=\"http:\/\/www.lameuse.be\/1868452\/article\/2017-06-21\/voici-le-melenchon-wallon-il-reclame-la-souverainete-wallonne\"> Meuse<\/a>,&nbsp;<\/em>revendique davantage de souverainet\u00e9 et d\u2019autonomie pour la r\u00e9gion wallonne. La lutte contre l\u2019aust\u00e9rit\u00e9, la ma\u00eetrise de la finance, la la\u00efcit\u00e9 mais \u00e9galement l\u2019\u00e9cologie font partie des autres principales priorit\u00e9s \u00e9voqu\u00e9es.<\/p>\n\n\n\n<p>Le cofondateur de Wallonie insoumise expliquait au quotidien belge le 21 juin : \u00abNotre mouvement compte des souverainistes, des ind\u00e9pendantistes et m\u00eame des rattachistes \u00e0 la France. Mais aujourd\u2019hui, nous r\u00e9clamons la souverainet\u00e9 wallonne et la la\u00efcit\u00e9 de l\u2019Etat.\u00bb<\/p>\n\n\n\n<p>Si le passage d\u2019un mouvement citoyen \u00e0 un mouvement politique constitue une \u00e9tape importante, Wallonie insoumise ne compte pas s\u2019arr\u00eater l\u00e0 et esp\u00e8re bien participer aux prochaines \u00e9lections communales, qui auront lieu en 2018 dans la r\u00e9gion de Wallonie.<\/p>\n","protected":false},"excerpt":{"rendered":"<p>https:\/\/francais.rt.com\/international\/40211-melenchon-belge-fonde-mouvement-wallonie-insoumise La campagne de la France insoumise a suscit\u00e9 des vocations en Belgique. Rassemblant des citoyens derri\u00e8re un projet de souverainet\u00e9, de lutte contre l\u2019aust\u00e9rit\u00e9 et d\u2019\u00e9cologie, son disciple wallon esp\u00e8re \u00eatre pr\u00e9sent aux prochaines \u00e9lections. Une convention collective de \u00abWallonie insoumise\u00bb s\u2019est r\u00e9unie pour se constituer en mouvement politique, le 25 juin \u00e0 Namur, [&hellip;]<\/p>\n","protected":false},"author":1,"featured_media":0,"comment_status":"open","ping_status":"open","sticky":false,"template":"","format":"standard","meta":{"footnotes":""},"categories":[4],"tags":[],"_links":{"self":[{"href":"https:\/\/www.wallonieinsoumise.eu\/index.php\/wp-json\/wp\/v2\/posts\/66"}],"collection":[{"href":"https:\/\/www.wallonieinsoumise.eu\/index.php\/wp-json\/wp\/v2\/posts"}],"about":[{"href":"https:\/\/www.wallonieinsoumise.eu\/index.php\/wp-json\/wp\/v2\/types\/post"}],"author":[{"embeddable":true,"href":"https:\/\/www.wallonieinsoumise.eu\/index.php\/wp-json\/wp\/v2\/users\/1"}],"replies":[{"embeddable":true,"href":"https:\/\/www.wallonieinsoumise.eu\/index.php\/wp-json\/wp\/v2\/comments?post=66"}],"version-history":[{"count":1,"href":"https:\/\/www.wallonieinsoumise.eu\/index.php\/wp-json\/wp\/v2\/posts\/66\/revisions"}],"predecessor-version":[{"id":67,"href":"https:\/\/www.wallonieinsoumise.eu\/index.php\/wp-json\/wp\/v2\/posts\/66\/revisions\/67"}],"wp:attachment":[{"href":"https:\/\/www.wallonieinsoumise.eu\/index.php\/wp-json\/wp\/v2\/media?parent=66"}],"wp:term":[{"taxonomy":"category","embeddable":true,"href":"https:\/\/www.wallonieinsoumise.eu\/index.php\/wp-json\/wp\/v2\/categories?post=66"},{"taxonomy":"post_tag","embeddable":true,"href":"https:\/\/www.wallonieinsoumise.eu\/index.php\/wp-json\/wp\/v2\/tags?post=66"}],"curies":[{"name":"wp","href":"https:\/\/api.w.org\/{rel}","templated":true}]}}